{"id":1161,"date":"2014-03-25T16:54:57","date_gmt":"2014-03-25T15:54:57","guid":{"rendered":"http:\/\/www.seeuferweg.ch\/?p=1161"},"modified":"2026-02-18T21:24:39","modified_gmt":"2026-02-18T20:24:39","slug":"enteignungsverbot-ist-verfassungs-und-bundesrechtswidrig","status":"publish","type":"post","link":"https:\/\/seeuferweg.ch\/?p=1161","title":{"rendered":"Enteignungsverbot ist verfassungs- und bundesrechtswidrig"},"content":{"rendered":"<p>Der Verein \u00abJa zum Seeuferweg\u00bb sowie 15 Privatpersonen haben Beschwerde in \u00f6ffentlich-rechtlichen Angelegenheiten an das Bundesgericht erhoben. Sie wehren sich gegen das vom Kantonsrat beschlossene absolute Enteignungsverbot f\u00fcr den Bau von Uferwegen bei allen Fl\u00fcssen und Seen im Kanton Z\u00fcrich.<br \/>\n<u><a href=\"\/pdf\/250314_mm_beschwerde.pdf\" target=\"_blank\" rel=\"noopener noreferrer\">Medienmitteilung &gt;&gt;<\/a><\/u><br \/>\n<u><a href=\"\/pdf\/beschwerde_bundesgericht.pdf\" target=\"_blank\" rel=\"noopener noreferrer\">Bundesgerichtsbeschwerde &gt;&gt;<\/a><\/u><\/p>\n","protected":false},"excerpt":{"rendered":"<p>Der Verein \u00abJa zum Seeuferweg\u00bb sowie 15 Privatpersonen haben Beschwerde in \u00f6ffentlich-rechtlichen Angelegenheiten an das Bundesgericht erhoben. Sie wehren sich gegen das vom Kantonsrat beschlossene absolute Enteignungsverbot f\u00fcr den Bau von Uferwegen bei allen Fl\u00fcssen und Seen im Kanton Z\u00fcrich. Medienmitteilung &gt;&gt; Bundesgerichtsbeschwerde &gt;&gt;<\/p>\n","protected":false},"author":1,"featured_media":0,"comment_status":"open","ping_status":"closed","sticky":false,"template":"","format":"standard","meta":{"give_campaign_id":0,"_mo_disable_npp":"","footnotes":""},"categories":[1],"tags":[],"class_list":["post-1161","post","type-post","status-publish","format-standard","hentry","category-aktuell"],"_links":{"self":[{"href":"https:\/\/seeuferweg.ch\/index.php?rest_route=\/wp\/v2\/posts\/1161","targetHints":{"allow":["GET"]}}],"collection":[{"href":"https:\/\/seeuferweg.ch\/index.php?rest_route=\/wp\/v2\/posts"}],"about":[{"href":"https:\/\/seeuferweg.ch\/index.php?rest_route=\/wp\/v2\/types\/post"}],"author":[{"embeddable":true,"href":"https:\/\/seeuferweg.ch\/index.php?rest_route=\/wp\/v2\/users\/1"}],"replies":[{"embeddable":true,"href":"https:\/\/seeuferweg.ch\/index.php?rest_route=%2Fwp%2Fv2%2Fcomments&post=1161"}],"version-history":[{"count":2,"href":"https:\/\/seeuferweg.ch\/index.php?rest_route=\/wp\/v2\/posts\/1161\/revisions"}],"predecessor-version":[{"id":1175008,"href":"https:\/\/seeuferweg.ch\/index.php?rest_route=\/wp\/v2\/posts\/1161\/revisions\/1175008"}],"wp:attachment":[{"href":"https:\/\/seeuferweg.ch\/index.php?rest_route=%2Fwp%2Fv2%2Fmedia&parent=1161"}],"wp:term":[{"taxonomy":"category","embeddable":true,"href":"https:\/\/seeuferweg.ch\/index.php?rest_route=%2Fwp%2Fv2%2Fcategories&post=1161"},{"taxonomy":"post_tag","embeddable":true,"href":"https:\/\/seeuferweg.ch\/index.php?rest_route=%2Fwp%2Fv2%2Ftags&post=1161"}],"curies":[{"name":"wp","href":"https:\/\/api.w.org\/{rel}","templated":true}]}}